{"id":5109,"date":"2025-01-05T13:15:03","date_gmt":"2025-01-05T12:15:03","guid":{"rendered":"https:\/\/gemmaprats.cat\/2025\/01\/05\/2025-en-mataro\/"},"modified":"2025-07-20T10:44:22","modified_gmt":"2025-07-20T08:44:22","slug":"2025-en-mataro","status":"publish","type":"post","link":"https:\/\/gemmaprats.cat\/es\/2025-en-mataro\/","title":{"rendered":"2025 en Matar\u00f3"},"content":{"rendered":"\t\t<div data-elementor-type=\"wp-post\" data-elementor-id=\"5109\" class=\"elementor elementor-5109 elementor-3499\" data-elementor-post-type=\"post\">\n\t\t\t\t<div class=\"elementor-element elementor-element-cdd4b8a e-flex e-con-boxed e-con e-parent\" data-id=\"cdd4b8a\" data-element_type=\"container\" data-e-type=\"container\" data-settings=\"{&quot;jet_parallax_layout_list&quot;:[]}\">\n\t\t\t\t\t<div class=\"e-con-inner\">\n\t\t\t\t<div class=\"elementor-element elementor-element-39b96456 elementor-widget elementor-widget-text-editor\" data-id=\"39b96456\" data-element_type=\"widget\" data-e-type=\"widget\" data-widget_type=\"text-editor.default\">\n\t\t\t\t<div class=\"elementor-widget-container\">\n\t\t\t\t\t\t\t\t\t<p>Deseo que este 2025 se abran muchas ventanas de luz.<\/p><p>Yo ya lo tengo todo listo para recibiros en el nuevo despacho de Matar\u00f3, donde compartir\u00e9 espacios comunes con dos abogadas que me han hecho sentir como en casa desde el primer momento. Me hace mucha ilusi\u00f3n presentaros mi nuevo espacio de trabajo.<\/p><p>Para iniciar el a\u00f1o con un tema interesante, empezar\u00e9 hablando de conflictos, una palabra bastante tab\u00fa. Si te apetece leer mis reflexiones sobre el tema, puede hacerlo <span style=\"color: #800080;\"><u><strong><a style=\"color: #800080;\" href=\"https:\/\/gemmaprats.cat\/es\/el-titulo-prohibido\/\" target=\"_blank\" rel=\"noopener\">aqu\u00ed<\/a><\/strong><\/u> .<\/span><\/p><p>Seguimos en contacto y quedo a tu disposici\u00f3n para todo lo que necesites, tanto en aspectos formativos de tu organizaci\u00f3n, como a t\u00edtulo personal en psicoterapia individual o de pareja.<\/p><p>\u00a1Un abrazo y feliz enero!<\/p>\t\t\t\t\t\t\t\t<\/div>\n\t\t\t\t<\/div>\n\t\t\t\t\t<\/div>\n\t\t\t\t<\/div>\n\t\t\t\t<\/div>\n\t\t","protected":false},"excerpt":{"rendered":"<p>Deseo que este 2025 se abran muchas ventanas de luz. Yo ya lo tengo todo listo para recibiros en el nuevo despacho de Matar\u00f3, donde compartir\u00e9 espacios comunes con dos abogadas que me han hecho sentir como en casa desde el primer momento. Me hace mucha ilusi\u00f3n presentaros mi nuevo espacio de trabajo. Para iniciar &#8230; <a title=\"2025 en Matar\u00f3\" class=\"read-more\" href=\"https:\/\/gemmaprats.cat\/es\/2025-en-mataro\/\" aria-label=\"Leer m\u00e1s sobre 2025 en Matar\u00f3\">Leer m\u00e1s<\/a><\/p>\n","protected":false},"author":1,"featured_media":2555,"comment_status":"open","ping_status":"open","sticky":false,"template":"","format":"standard","meta":{"inline_featured_image":false,"slim_seo":{"title":"2025 en Matar\u00f3 - Gemma Prats","description":"Deseo que este 2025 se abran muchas ventanas de luz. Yo ya lo tengo todo listo para recibiros en el nuevo despacho de Matar\u00f3, donde compartir\u00e9 espacios comunes"},"footnotes":""},"categories":[520],"tags":[522,523,521,524],"class_list":["post-5109","post","type-post","status-publish","format-standard","has-post-thumbnail","hentry","category-actividades","tag-coaching-es-2","tag-consulta-es","tag-psicoterapia-es-3","tag-terapiapareja-es"],"_links":{"self":[{"href":"https:\/\/gemmaprats.cat\/es\/wp-json\/wp\/v2\/posts\/5109","targetHints":{"allow":["GET"]}}],"collection":[{"href":"https:\/\/gemmaprats.cat\/es\/wp-json\/wp\/v2\/posts"}],"about":[{"href":"https:\/\/gemmaprats.cat\/es\/wp-json\/wp\/v2\/types\/post"}],"author":[{"embeddable":true,"href":"https:\/\/gemmaprats.cat\/es\/wp-json\/wp\/v2\/users\/1"}],"replies":[{"embeddable":true,"href":"https:\/\/gemmaprats.cat\/es\/wp-json\/wp\/v2\/comments?post=5109"}],"version-history":[{"count":5,"href":"https:\/\/gemmaprats.cat\/es\/wp-json\/wp\/v2\/posts\/5109\/revisions"}],"predecessor-version":[{"id":5344,"href":"https:\/\/gemmaprats.cat\/es\/wp-json\/wp\/v2\/posts\/5109\/revisions\/5344"}],"wp:featuredmedia":[{"embeddable":true,"href":"https:\/\/gemmaprats.cat\/es\/wp-json\/wp\/v2\/media\/2555"}],"wp:attachment":[{"href":"https:\/\/gemmaprats.cat\/es\/wp-json\/wp\/v2\/media?parent=5109"}],"wp:term":[{"taxonomy":"category","embeddable":true,"href":"https:\/\/gemmaprats.cat\/es\/wp-json\/wp\/v2\/categories?post=5109"},{"taxonomy":"post_tag","embeddable":true,"href":"https:\/\/gemmaprats.cat\/es\/wp-json\/wp\/v2\/tags?post=5109"}],"curies":[{"name":"wp","href":"https:\/\/api.w.org\/{rel}","templated":true}]}}