{"id":5111,"date":"2025-01-05T09:44:01","date_gmt":"2025-01-05T08:44:01","guid":{"rendered":"https:\/\/gemmaprats.cat\/2025\/01\/05\/el-titulo-prohibido\/"},"modified":"2025-07-20T12:02:14","modified_gmt":"2025-07-20T10:02:14","slug":"el-titulo-prohibido","status":"publish","type":"post","link":"https:\/\/gemmaprats.cat\/es\/el-titulo-prohibido\/","title":{"rendered":"El t\u00edtulo prohibido"},"content":{"rendered":"<p>Quiero empezar el a\u00f1o con una reflexi\u00f3n sobre los <a href=\"https:\/\/gemmaprats.cat\/es\/el-misterioso-caso-del-papel-de-vater-y-los-diferentes-perfiles-disc\/\" target=\"_blank\" rel=\"noopener\"><strong>conflictos<\/strong><\/a>, esa palabra tan temida. El a\u00f1o pasado, hasta 4 clientes me pidieron que la sacara del t\u00edtulo de un curso, lo que significa que es un hecho general y nada anecd\u00f3tico.<\/p>\n<p>Trabajando con empresas de diversos sectores, me encuentro a menudo con la sensaci\u00f3n de que, por un lado hay que fomentar la comunicaci\u00f3n, y que por otro, <em>\u201ceste tema no lo toques\u201d<\/em>. Me recuerda aquel cuento <strong><a href=\"https:\/\/es.wikipedia.org\/wiki\/El_traje_nuevo_del_emperador\" target=\"_blank\" rel=\"noopener noreferrer nofollow\">del traje nuevo del emperador<\/a><\/strong>  <\/p>\n<p>\u00bfPor qu\u00e9 nos dan tanto miedo?<\/p>\n<p>Los conflictos son inherentes a la condici\u00f3n humana, sin tener contacto con otros, podemos tener conflictos con nosotros mismos. No son agradables, estar en conflicto puede ser tenso y doloroso. Pero por mucho que los negamos, forman parte de nuestra vida, de nuestras decisiones y de nuestras relaciones. Evidentemente vivimos mejor sin conflictos, pero si est\u00e1n y hacemos como si no estuvieran, nos estamos enga\u00f1ando y nos est\u00e1n perjudicando igualmente.<\/p>\n<p>Si no hablamos de conflictos, podemos perder a gente de gran valor.<\/p>\n<p>Por no afrontar los conflictos vivimos en un mundo de fantas\u00eda.<\/p>\n<p>Para evitar <strong><a href=\"https:\/\/gemmaprats.cat\/les-converses-pendents-construir-relacions\/\" target=\"_blank\" rel=\"noopener\">conversaciones inc\u00f3modas<\/a><\/strong> generamos situaciones insostenibles.<\/p>\n<p>Y para simular que somos felices, nos volvemos cada vez m\u00e1s infelices.<\/p>\n<p>As\u00ed que os propongo que hablemos, que los afrontemos, que tomemos decisiones y que teniendo en cuenta el equilibrio entre lo que queremos conseguir y lo que queremos conservar, sepamos seleccionar bien nuestro camino y nuestras compa\u00f1\u00edas. Porque en la gesti\u00f3n de los conflictos interpersonales, <strong>tan importante es saber mantener relaciones enriquecedoras, como saber soltar relaciones perturbadoras.<\/strong> Por lo tanto, decidir a qui\u00e9n queremos mantener en nuestra vida y de qui\u00e9n queremos prescindir, nos dar\u00e1 la paz y la serenidad necesarias para vivir y avanzar.<\/p>\n<p>Yo ya he empezado con esa toma de conciencia. \u00bfY t\u00fa? \u00bfTe animas?<\/p>\n","protected":false},"excerpt":{"rendered":"<p>Quiero empezar el a\u00f1o con una reflexi\u00f3n sobre los conflictos, esa palabra tan temida. El a\u00f1o pasado, hasta 4 clientes me pidieron que la sacara del t\u00edtulo de un curso, lo que significa que es un hecho general y nada anecd\u00f3tico. Trabajando con empresas de diversos sectores, me encuentro a menudo con la sensaci\u00f3n de &#8230; <a title=\"El t\u00edtulo prohibido\" class=\"read-more\" href=\"https:\/\/gemmaprats.cat\/es\/el-titulo-prohibido\/\" aria-label=\"Leer m\u00e1s sobre El t\u00edtulo prohibido\">Leer m\u00e1s<\/a><\/p>\n","protected":false},"author":1,"featured_media":2550,"comment_status":"open","ping_status":"open","sticky":false,"template":"","format":"standard","meta":{"inline_featured_image":false,"slim_seo":{"title":"El t\u00edtulo prohibido - Gemma Prats","description":"Quiero empezar el a\u00f1o con una reflexi\u00f3n sobre los conflictos , esa palabra tan temida. El a\u00f1o pasado, hasta 4 clientes me pidieron que la sacara del t\u00edtulo de u"},"footnotes":""},"categories":[525],"tags":[527,530,526,529,531,528],"class_list":["post-5111","post","type-post","status-publish","format-standard","has-post-thumbnail","hentry","category-reflexiones","tag-comunicacion-es","tag-conflictos-es","tag-equipos-es","tag-familia-es-3","tag-pareja-es","tag-relaciones-interpersonales-es"],"_links":{"self":[{"href":"https:\/\/gemmaprats.cat\/es\/wp-json\/wp\/v2\/posts\/5111","targetHints":{"allow":["GET"]}}],"collection":[{"href":"https:\/\/gemmaprats.cat\/es\/wp-json\/wp\/v2\/posts"}],"about":[{"href":"https:\/\/gemmaprats.cat\/es\/wp-json\/wp\/v2\/types\/post"}],"author":[{"embeddable":true,"href":"https:\/\/gemmaprats.cat\/es\/wp-json\/wp\/v2\/users\/1"}],"replies":[{"embeddable":true,"href":"https:\/\/gemmaprats.cat\/es\/wp-json\/wp\/v2\/comments?post=5111"}],"version-history":[{"count":3,"href":"https:\/\/gemmaprats.cat\/es\/wp-json\/wp\/v2\/posts\/5111\/revisions"}],"predecessor-version":[{"id":5359,"href":"https:\/\/gemmaprats.cat\/es\/wp-json\/wp\/v2\/posts\/5111\/revisions\/5359"}],"wp:featuredmedia":[{"embeddable":true,"href":"https:\/\/gemmaprats.cat\/es\/wp-json\/wp\/v2\/media\/2550"}],"wp:attachment":[{"href":"https:\/\/gemmaprats.cat\/es\/wp-json\/wp\/v2\/media?parent=5111"}],"wp:term":[{"taxonomy":"category","embeddable":true,"href":"https:\/\/gemmaprats.cat\/es\/wp-json\/wp\/v2\/categories?post=5111"},{"taxonomy":"post_tag","embeddable":true,"href":"https:\/\/gemmaprats.cat\/es\/wp-json\/wp\/v2\/tags?post=5111"}],"curies":[{"name":"wp","href":"https:\/\/api.w.org\/{rel}","templated":true}]}}