{"id":5171,"date":"2024-11-08T13:02:04","date_gmt":"2024-11-08T12:02:04","guid":{"rendered":"https:\/\/gemmaprats.cat\/2024\/11\/08\/adios-sants-adios-barcelona\/"},"modified":"2025-07-14T19:17:14","modified_gmt":"2025-07-14T17:17:14","slug":"adios-sants-adios-barcelona","status":"publish","type":"post","link":"https:\/\/gemmaprats.cat\/es\/adios-sants-adios-barcelona\/","title":{"rendered":"Adios Sants, adios Barcelona"},"content":{"rendered":"<p>Os informo de un cambio importante que ya he ido trasladando personalmente a todas las personas que est\u00e1is viniendo a consulta en la actualidad. A partir de enero de 2025, me traslado a Matar\u00f3. <\/p>\n<p>Acaba una etapa en Barcelona que ha durado 22 a\u00f1os, parece mentira, \u00bfVerdad? Han sido unos a\u00f1os llenos de crecimiento profesional y cambios diversos, desde mis inicios en aquella peque\u00f1a consulta en mi casa, en la calle Parlament, hasta el actual despacho, bonito y m\u00e1s amplio, de Sants. Durante estos a\u00f1os he pasado tambi\u00e9n por las calles Rocafort, Paral\u00b7lel, Compte Borrell y Balmes. Algunas personas hab\u00e9is venido a m\u00e1s de un espacio \ud83d\ude42   <\/p>\n<p>Ahora llevo m\u00e1s de 11 a\u00f1os viviendo en el Maresme, y los desplazamientos a Barcelona son cada vez m\u00e1s pesados, inc\u00f3modos y estresantes, da igual si bajo en tren o en coche, las continuas incidencias de cercan\u00edas y el tr\u00e1fico imposible en las entradas de la ciudad, hacen cada vez la situaci\u00f3n m\u00e1s insostenible. Por eso, aunque seguir\u00e9 yendo a Barcelona a hacer formaci\u00f3n, ha llegado el momento de tomar una decisi\u00f3n dr\u00e1stica en cuanto a la consulta. Me quedo con un sabor agridulce, la tristeza de lo que acaba y la ilusi\u00f3n por lo que vendr\u00e1.  <\/p>\n<p>Como es l\u00f3gico, muchos de vosotros no vendr\u00e9is a Matar\u00f3, ya he abordado individualmente cada caso para terminar algunos temas empezados, continuar en l\u00ednea, o derivaros a otros colegas. Otros ya me hab\u00e9is dicho que seguir\u00e9is viniendo, \u00a1\u00a1\u00a1Gracias!!! Por otra parte, espero tener nuevas visitas del Maresme y de otros lugares cercanos. <\/p>\n<p>As\u00ed que a partir del mes de enero de 2025, me encontrar\u00e9is en Matar\u00f3:<br \/>\nCam\u00ed Ral de la Merc\u00e8, 377 &#8211; 4t 2a<\/p>\n<p>\u00a1Un abrazo!<\/p>\n","protected":false},"excerpt":{"rendered":"<p>Os informo de un cambio importante que ya he ido trasladando personalmente a todas las personas que est\u00e1is viniendo a consulta en la actualidad. A partir de enero de 2025, me traslado a Matar\u00f3. Acaba una etapa en Barcelona que ha durado 22 a\u00f1os, parece mentira, \u00bfVerdad? Han sido unos a\u00f1os llenos de crecimiento profesional &#8230; <a title=\"Adios Sants, adios Barcelona\" class=\"read-more\" href=\"https:\/\/gemmaprats.cat\/es\/adios-sants-adios-barcelona\/\" aria-label=\"Leer m\u00e1s sobre Adios Sants, adios Barcelona\">Leer m\u00e1s<\/a><\/p>\n","protected":false},"author":1,"featured_media":2540,"comment_status":"open","ping_status":"open","sticky":false,"template":"","format":"standard","meta":{"inline_featured_image":false,"slim_seo":{"title":"Adios Sants, adios Barcelona - Gemma Prats","description":"Os informo de un cambio importante que ya he ido trasladando personalmente a todas las personas que est\u00e1is viniendo a consulta en la actualidad. A partir de ene"},"footnotes":""},"categories":[520],"tags":[],"class_list":["post-5171","post","type-post","status-publish","format-standard","has-post-thumbnail","hentry","category-actividades"],"_links":{"self":[{"href":"https:\/\/gemmaprats.cat\/es\/wp-json\/wp\/v2\/posts\/5171","targetHints":{"allow":["GET"]}}],"collection":[{"href":"https:\/\/gemmaprats.cat\/es\/wp-json\/wp\/v2\/posts"}],"about":[{"href":"https:\/\/gemmaprats.cat\/es\/wp-json\/wp\/v2\/types\/post"}],"author":[{"embeddable":true,"href":"https:\/\/gemmaprats.cat\/es\/wp-json\/wp\/v2\/users\/1"}],"replies":[{"embeddable":true,"href":"https:\/\/gemmaprats.cat\/es\/wp-json\/wp\/v2\/comments?post=5171"}],"version-history":[{"count":1,"href":"https:\/\/gemmaprats.cat\/es\/wp-json\/wp\/v2\/posts\/5171\/revisions"}],"predecessor-version":[{"id":5195,"href":"https:\/\/gemmaprats.cat\/es\/wp-json\/wp\/v2\/posts\/5171\/revisions\/5195"}],"wp:featuredmedia":[{"embeddable":true,"href":"https:\/\/gemmaprats.cat\/es\/wp-json\/wp\/v2\/media\/2540"}],"wp:attachment":[{"href":"https:\/\/gemmaprats.cat\/es\/wp-json\/wp\/v2\/media?parent=5171"}],"wp:term":[{"taxonomy":"category","embeddable":true,"href":"https:\/\/gemmaprats.cat\/es\/wp-json\/wp\/v2\/categories?post=5171"},{"taxonomy":"post_tag","embeddable":true,"href":"https:\/\/gemmaprats.cat\/es\/wp-json\/wp\/v2\/tags?post=5171"}],"curies":[{"name":"wp","href":"https:\/\/api.w.org\/{rel}","templated":true}]}}