{"id":5373,"date":"2016-12-14T09:03:22","date_gmt":"2016-12-14T08:03:22","guid":{"rendered":"https:\/\/gemmaprats.cat\/la-necesidad-de-mantener-conversaciones-incomodas\/"},"modified":"2025-07-21T10:09:02","modified_gmt":"2025-07-21T08:09:02","slug":"la-necesidad-de-mantener-conversaciones-incomodas","status":"publish","type":"post","link":"https:\/\/gemmaprats.cat\/es\/la-necesidad-de-mantener-conversaciones-incomodas\/","title":{"rendered":"La necesidad de mantener conversaciones inc\u00f3modas"},"content":{"rendered":"\t\t<div data-elementor-type=\"wp-post\" data-elementor-id=\"5373\" class=\"elementor elementor-5373 elementor-3131\" data-elementor-post-type=\"post\">\n\t\t\t\t<div class=\"elementor-element elementor-element-2e9a5ac5 e-flex e-con-boxed e-con e-parent\" data-id=\"2e9a5ac5\" data-element_type=\"container\" data-e-type=\"container\" data-settings=\"{&quot;jet_parallax_layout_list&quot;:[]}\">\n\t\t\t\t\t<div class=\"e-con-inner\">\n\t\t\t\t<div class=\"elementor-element elementor-element-1a3254c9 elementor-widget elementor-widget-text-editor\" data-id=\"1a3254c9\" data-element_type=\"widget\" data-e-type=\"widget\" data-widget_type=\"text-editor.default\">\n\t\t\t\t<div class=\"elementor-widget-container\">\n\t\t\t\t\t\t\t\t\t<p>\u00bfComo llevas las conversaciones pendientes? \u00bfTienes alguna? \u00bfLa quieres tener? \u00bfLa otra persona quiere? \u00bfSabes cuales son las claves para abordar conversaciones pendientes y construir relaciones s\u00f3lidas?    <\/p><p>Cuando en los <strong><span style=\"color: #800080;\"><a style=\"color: #800080;\" href=\"https:\/\/gemmaprats.cat\/es\/formacion\/\" target=\"_blank\" rel=\"noopener\">cursos que imparto<\/a><\/span><\/strong> pregunto a mis alumnos qu\u00e9 cosas valoran en las relaciones humanas, un alto porcentaje de personas responde que les gusta la sinceridad y la gente que habla claro.<\/p><p>Por otro lado, mi experiencia me dice que el nivel de <strong><span style=\"color: #800080;\">madurez<\/span><\/strong> para poder hablar claro de las cosas que no nos gustan, debe ser muy alto. Desafortunadamente, no siempre estamos a la altura y la sinceridad tan reclamada puede acabar pasando factura. <\/p><p>En las relaciones sociales superficiales no es necesario, ni tan solo aconsejar\u00eda entrar a debatir ciertas cuestiones. Ahora bien, cuando queremos construir relaciones s\u00f3lidas de <span style=\"color: #800080;\"><strong><a style=\"color: #800080;\" href=\"https:\/\/gemmaprats.cat\/es\/te-amo-eres-perfecta-ya-te-cambiare\/\" target=\"_blank\" rel=\"noopener\">pareja<\/a><\/strong><\/span>, <strong><span style=\"color: #800080;\">familia<\/span><\/strong>, amistad y <strong><span style=\"color: #800080;\"><a style=\"color: #800080;\" href=\"https:\/\/gemmaprats.cat\/es\/el-misterioso-caso-del-papel-de-vater-y-los-diferentes-perfiles-disc\/\" target=\"_blank\" rel=\"noopener\">tambi\u00e9n profesionales<\/a>,<\/span><\/strong> se hace indispensable tener la determinaci\u00f3n y la serenidad para poder proponer y abordar conversaciones inc\u00f3modas. <\/p><p>A continuaci\u00f3n detallo las claves para construir relaciones s\u00f3lidas y mutuamente satisfactorias:<\/p><h4><span style=\"color: #800080;\"><a style=\"color: #800080;\" href=\"http:\/\/gemmaprats.cat\/emocio-creenca-emocio-x-2\/\" target=\"_blank\" rel=\"noopener noreferrer nofollow\"><b>1. <\/b><b><span style=\"color: #800080;\">Autoconocimiento:<\/span><\/b><\/a><\/span><\/h4><p>Tener muy claro cuales son nuestras necesidades b\u00e1sicas al margen de las p\u00faramente esenciales para la supervivencia, haberlas evaluado y haber tomado conciencia de cuales son las realmente importantes para nosotros y pasan por delante de otras. Tambi\u00e9n conocer nuestros valores esenciales, aquello que realmente queremos conservar. Reconocer nuestras emociones, entenderlas, aceptarlas, saber expresarlas y gestionarlas de manera potenciadora.  <\/p><h4><span style=\"color: #800080;\"><a style=\"color: #800080;\" href=\"http:\/\/gemmaprats.cat\/les-paraules-dites-des-del-cor\/\" target=\"_blank\" rel=\"noopener noreferrer nofollow\"><b>2.  <\/b><b><span style=\"color: #800080;\">Comunicaci\u00f3n:<\/span><\/b><\/a><\/span><\/h4><p>Para que nos conozcan y tambi\u00e9n para conocer a los dem\u00e1s. Para tener claras las necesidades y los valores de cada uno. Para expresar nuestras emociones y entender las del otro y su manera de vivir la realidad. Si una persona no habla, o no quiere escuchar, a la otra solo le queda interpretar o ser interpretada, y este filtro subjetivo, demasiado a menudo lleva a mal entendidos que son totalmente evitables. Puedo y tengo el derecho a decidir pasar por alto la necesidad de otra persona, lo que es una l\u00e1stima es hacerlo por desconocimiento.    <\/p><h4><span style=\"color: #800080;\"><a style=\"color: #800080;\" href=\"http:\/\/gemmaprats.cat\/quan-estem-atrapats-exercici-dempatia\/\" target=\"_blank\" rel=\"noopener noreferrer nofollow\"><b>3.  <\/b><b><span style=\"color: #800080;\">Empat\u00eda:<\/span><\/b><\/a><\/span><\/h4><p>Para cuidar las necesidades e intereses de los dem\u00e1s, y poder entender desde donde viven la realidad, que muchas veces es desde una visi\u00f3n muy diferente a la nuestra.<\/p><h4><span style=\"color: #800080;\"><a style=\"color: #800080;\" href=\"http:\/\/gemmaprats.cat\/faria-jo-tingues-menys\/\" target=\"_blank\" rel=\"noopener noreferrer nofollow\"><b>4.  <\/b><b><span style=\"color: #800080;\">Coraje:<\/span><\/b><\/a><\/span><\/h4><p>Para cuidar las propias necesidades e intereses y no ceder por miedo o evitaci\u00f3n del conflicto. Enfrent\u00e1ndonos a la situaci\u00f3n y no a la persona que tenemos delante. <\/p><h4><span style=\"color: #800080;\"><a style=\"color: #800080;\" href=\"http:\/\/gemmaprats.cat\/gratitud\/\" target=\"_blank\" rel=\"noopener noreferrer nofollow\"><b>5.  <\/b><b><span style=\"color: #800080;\">Compromiso:<\/span><\/b><\/a><\/span><\/h4><p>Para asumir las propias responsabilidades y actuar con la firme voluntad de hacer crecer la relaci\u00f3n con respeto hacia uno mismo y hacia el otro.<\/p><h4><span style=\"color: #800080;\"><a style=\"color: #800080;\" href=\"http:\/\/gemmaprats.cat\/lautoestima-explicada-amb-la-teoria-del-formatge-de-cabra\/\" target=\"_blank\" rel=\"noopener noreferrer nofollow\"><b>6.  <\/b><b><span style=\"color: #800080;\">Autoestima:<\/span><\/b><\/a><\/span><\/h4><p>Para detectar cuando merece la pena luchar por una relaci\u00f3n y cuando es mejor ponerla en el caj\u00f3n de las relaciones sociales superficiales o simplemente darla por definitivamente cerrada. Y tambi\u00e9n, para no insistir en estar en la vida de alguien que no te quiere en ella, o querer que est\u00e9 en tu vida alguien que no quiere estar en ella. <\/p><p> <\/p><p>Actuar de manera pasiva, es evitar o negar los conflictos pasando por alto las propias necesidades. Si esta conducta es habitual, puede acabar generando mucha frustraci\u00f3n e insatisfacci\u00f3n. Evidentemente hay momentos en que lo m\u00e1s \u00fatil es callar. Si actuamos de manera pasiva por decisi\u00f3n y convicci\u00f3n, \u00a1Perfecto! Si lo hacemos por miedo, es cuando generaremos el problema.    <\/p><p>Actuar de manera agresiva es crear un conflicto pasando por alto las necesidades de los dem\u00e1s. Si esta conducta es habitual, puede acabar generando relaciones y ambientes tensos. De toda manera, cuando una persona no se comunica, a veces solo nos queda la provocaci\u00f3n para hacerla explotar. Si actuamos de manera agresiva por decisi\u00f3n y convicci\u00f3n, \u00a1Perfecto! Si lo hacemos por falta de autocontrol y despu\u00e9s nos arrepentimos, es cuando generaremos el problema.    <\/p><p>Actuar de manera <strong><span style=\"color: #800080;\"><a style=\"color: #800080;\" href=\"https:\/\/gemmaprats.cat\/es\/laimportanciadeferxarxa\/\" target=\"_blank\" rel=\"noopener\">assertiva<\/a><\/span><\/strong>, es poner los conflictos existentes sobre la mesa, ni evit\u00e1ndolos, ni cre\u00e1ndolos. Para crear relaciones interpersonales s\u00f3lidas, es positivo que fomentemos la asertividad. Ahora bien, es necesario recordar que abordar un conflicto existente y expresar como nos sentimos y qu\u00e9 necesitamos ante aquella situaci\u00f3n, no tiene nada que ver con crearlo. A menudo se tilda de conflictivas aquellas personas que act\u00faan con madurez, responsabilidad y respeto hacia ellas mismas.    <b><\/b><\/p>\t\t\t\t\t\t\t\t<\/div>\n\t\t\t\t<\/div>\n\t\t\t\t\t<\/div>\n\t\t\t\t<\/div>\n\t\t\t\t<\/div>\n\t\t","protected":false},"excerpt":{"rendered":"<p>\u00bfComo llevas las conversaciones pendientes? \u00bfTienes alguna? \u00bfLa quieres tener? \u00bfLa otra persona quiere? \u00bfSabes cuales son las claves para abordar conversaciones pendientes y construir relaciones s\u00f3lidas? Cuando en los cursos que imparto pregunto a mis alumnos qu\u00e9 cosas valoran en las relaciones humanas, un alto porcentaje de personas responde que les gusta la sinceridad &#8230; <a title=\"La necesidad de mantener conversaciones inc\u00f3modas\" class=\"read-more\" href=\"https:\/\/gemmaprats.cat\/es\/la-necesidad-de-mantener-conversaciones-incomodas\/\" aria-label=\"Leer m\u00e1s sobre La necesidad de mantener conversaciones inc\u00f3modas\">Leer m\u00e1s<\/a><\/p>\n","protected":false},"author":1,"featured_media":5422,"comment_status":"open","ping_status":"open","sticky":false,"template":"","format":"standard","meta":{"inline_featured_image":false,"slim_seo":{"title":"La necesidad de mantener conversaciones inc\u00f3modas - Gemma Prats","description":"\u00bfComo llevas las conversaciones pendientes? \u00bfTienes alguna? \u00bfLa quieres tener? \u00bfLa otra persona quiere? \u00bfSabes cuales son las claves para abordar conversaciones"},"footnotes":""},"categories":[525],"tags":[539,544,527,566,564,552,546,570,529,569,565,531,528,567,568],"class_list":["post-5373","post","type-post","status-publish","format-standard","has-post-thumbnail","hentry","category-reflexiones","tag-amistad-es","tag-assertivitat-es","tag-comunicacion-es","tag-comunicacion-interpersonal-es","tag-conflicto-es","tag-emociones-es","tag-empatia-es-3","tag-escuchar-es","tag-familia-es-3","tag-hablar-es","tag-miedo-es","tag-pareja-es","tag-relaciones-interpersonales-es","tag-relaciones-solidas-es","tag-terapia-de-pareja-es"],"_links":{"self":[{"href":"https:\/\/gemmaprats.cat\/es\/wp-json\/wp\/v2\/posts\/5373","targetHints":{"allow":["GET"]}}],"collection":[{"href":"https:\/\/gemmaprats.cat\/es\/wp-json\/wp\/v2\/posts"}],"about":[{"href":"https:\/\/gemmaprats.cat\/es\/wp-json\/wp\/v2\/types\/post"}],"author":[{"embeddable":true,"href":"https:\/\/gemmaprats.cat\/es\/wp-json\/wp\/v2\/users\/1"}],"replies":[{"embeddable":true,"href":"https:\/\/gemmaprats.cat\/es\/wp-json\/wp\/v2\/comments?post=5373"}],"version-history":[{"count":11,"href":"https:\/\/gemmaprats.cat\/es\/wp-json\/wp\/v2\/posts\/5373\/revisions"}],"predecessor-version":[{"id":5421,"href":"https:\/\/gemmaprats.cat\/es\/wp-json\/wp\/v2\/posts\/5373\/revisions\/5421"}],"wp:featuredmedia":[{"embeddable":true,"href":"https:\/\/gemmaprats.cat\/es\/wp-json\/wp\/v2\/media\/5422"}],"wp:attachment":[{"href":"https:\/\/gemmaprats.cat\/es\/wp-json\/wp\/v2\/media?parent=5373"}],"wp:term":[{"taxonomy":"category","embeddable":true,"href":"https:\/\/gemmaprats.cat\/es\/wp-json\/wp\/v2\/categories?post=5373"},{"taxonomy":"post_tag","embeddable":true,"href":"https:\/\/gemmaprats.cat\/es\/wp-json\/wp\/v2\/tags?post=5373"}],"curies":[{"name":"wp","href":"https:\/\/api.w.org\/{rel}","templated":true}]}}